{"id":8735,"date":"2025-12-27T10:59:00","date_gmt":"2025-12-27T10:59:00","guid":{"rendered":"https:\/\/kombinatke.si\/kblog\/?p=8735"},"modified":"2026-01-13T21:29:20","modified_gmt":"2026-01-13T21:29:20","slug":"zenski-pevski-zbor-kombinat-predstavitev-albuma-upor-in-pika","status":"publish","type":"post","link":"https:\/\/kombinatke.si\/kblog\/zenski-pevski-zbor-kombinat-predstavitev-albuma-upor-in-pika\/","title":{"rendered":"\u017denski pevski zbor Kombinat: predstavitev albuma UPOR in pika."},"content":{"rendered":"\n<p>Na odru Katedrale v Kinu \u0160i\u0161ka bomo prvi\u010d samostojno nastopale s premierno predstavitvijo na\u0161ega novega albuma z naslovom UPOR in pika. Naslov albuma zrcali credo Kombinata: pevke in glasbeniki so prepri\u010dani, da je upor ena osnovnih \u010dlovekovih pravic. A \u2013 kot dodajajo \u2013 \u00bbupor ni le na\u0161a pravica, ampak tudi na\u0161a dol\u017enost!\u00ab<\/p>\n\n\n\n<p>\u00bbUpor se pogosto za\u010dne tiho \u2013 z ob\u010dutkom, da svet, kakr\u0161en je, ni pravi\u010den. Iz tega ob\u010dutka pa zraste mo\u010d, ki jo ljudje prepoznajo v na\u0161ih glasovih. Na\u0161e petje ni le umetni\u0161ki izraz, temve\u010d dejanje skupnosti: spomin na tiste, ki so si upali re\u010di ne krivicam, in opomin, da je solidarnost temelj \u010dlove\u0161kega dostojanstva,\u00ab pojasnjujejo Kombinatke, ki jih \u017ee vse od ustanovitve zbora (2008) vodi dirigentka Mateja Mauri.<\/p>\n\n\n\n<p>Koncert bo <strong>v sredo, 28. januarja 2026 ob 19.30 uri v Kinu \u0160i\u0161ka<\/strong>.<\/p>\n\n\n\n<p>Vstopnice so \u017ee v prodaji: <a rel=\"noreferrer noopener\" href=\"https:\/\/www.eventim.si\/artist\/kino-siska\/zenski-pevski-zbor-kombinat-4054531\/?fbclid=IwZXh0bgNhZW0CMTAAYnJpZBExS2VsVmd0anBucTFlVHZsVHNydGMGYXBwX2lkEDIyMjAzOTE3ODgyMDA4OTIAAR6oh_8eSh6M0N7EXEIkvmznK-EogHe0ltIZnLfa28fg2aTJUQsbefqglT6v3w_aem_itAFxIMhOb41TPc4os9trw\" target=\"_blank\">https:\/\/www.eventim.si\/&#8230;\/zenski-pevski-zbor-kombinat&#8230;\/<\/a><br>&#8211; Predprodaja: 15 EUR<br>&#8211; Na dan: 20 EUR<br>&#8211; S popustom (d\/\u0161\/u): 11,25 EUR<\/p>\n\n\n\n<figure class=\"wp-block-image size-large\"><img loading=\"lazy\" width=\"731\" height=\"1024\" src=\"https:\/\/kombinatke.si\/kblog\/wp-content\/uploads\/2025\/12\/B2-Kombinat_04-1_page-0001-731x1024.jpg\" alt=\"\" class=\"wp-image-8772\"\/><\/figure>\n","protected":false},"excerpt":{"rendered":"<p>Na odru Katedrale v Kinu \u0160i\u0161ka bomo prvi\u010d samostojno nastopale s premierno predstavitvijo na\u0161ega novega albuma z naslovom UPOR in pika. Naslov albuma zrcali credo Kombinata: pevke in glasbeniki so prepri\u010dani, da je upor ena osnovnih \u010dlovekovih pravic. A \u2013 kot dodajajo \u2013 \u00bbupor ni le na\u0161a pravica, ampak tudi na\u0161a dol\u017enost!\u00ab \u00bbUpor se pogosto [&hellip;]<\/p>\n","protected":false},"author":2,"featured_media":8772,"comment_status":"closed","ping_status":"closed","sticky":false,"template":"","format":"standard","meta":{"_et_pb_use_builder":"off","_et_pb_old_content":"","_et_gb_content_width":""},"categories":[8,3,2,7],"tags":[260,123,627],"_links":{"self":[{"href":"https:\/\/kombinatke.si\/kblog\/wp-json\/wp\/v2\/posts\/8735"}],"collection":[{"href":"https:\/\/kombinatke.si\/kblog\/wp-json\/wp\/v2\/posts"}],"about":[{"href":"https:\/\/kombinatke.si\/kblog\/wp-json\/wp\/v2\/types\/post"}],"author":[{"embeddable":true,"href":"https:\/\/kombinatke.si\/kblog\/wp-json\/wp\/v2\/users\/2"}],"replies":[{"embeddable":true,"href":"https:\/\/kombinatke.si\/kblog\/wp-json\/wp\/v2\/comments?post=8735"}],"version-history":[{"count":2,"href":"https:\/\/kombinatke.si\/kblog\/wp-json\/wp\/v2\/posts\/8735\/revisions"}],"predecessor-version":[{"id":8773,"href":"https:\/\/kombinatke.si\/kblog\/wp-json\/wp\/v2\/posts\/8735\/revisions\/8773"}],"wp:featuredmedia":[{"embeddable":true,"href":"https:\/\/kombinatke.si\/kblog\/wp-json\/wp\/v2\/media\/8772"}],"wp:attachment":[{"href":"https:\/\/kombinatke.si\/kblog\/wp-json\/wp\/v2\/media?parent=8735"}],"wp:term":[{"taxonomy":"category","embeddable":true,"href":"https:\/\/kombinatke.si\/kblog\/wp-json\/wp\/v2\/categories?post=8735"},{"taxonomy":"post_tag","embeddable":true,"href":"https:\/\/kombinatke.si\/kblog\/wp-json\/wp\/v2\/tags?post=8735"}],"curies":[{"name":"wp","href":"https:\/\/api.w.org\/{rel}","templated":true}]}}