{"id":8695,"date":"2025-10-24T06:46:01","date_gmt":"2025-10-24T06:46:01","guid":{"rendered":"https:\/\/kombinatke.si\/kblog\/?p=8695"},"modified":"2025-11-03T12:20:45","modified_gmt":"2025-11-03T12:20:45","slug":"nastop-na-slovenskem-javorniku","status":"publish","type":"post","link":"https:\/\/kombinatke.si\/kblog\/nastop-na-slovenskem-javorniku\/","title":{"rendered":"Nastop na Slovenskem Javorniku"},"content":{"rendered":"\n<p><strong>Delavsko prosvetno dru\u0161tvo Svoboda France Mencinger Javornik-Koro\u0161ka Bela<\/strong> s svojo ve\u010d kot 100-letno tradicijo prispeva pomemben dele\u017e na kulturnem zemljevidu Gorenjske. Skozi leta je dru\u0161tvo uspe\u0161no premagovalo \u0161tevilne izzive, a pandemija Covid-19 je tudi njihovemu delovanju zadala hud udarec. Z raznolikimi prireditvami, od lutkovno &#8211; gledali\u0161kih predstav do koncertov in umetni\u0161kih razstav se po\u017ertvovalni \u010dlani in \u010dlanice dru\u0161tva trudijo o\u017eiviti in ohraniti kulturno dedi\u0161\u010dino v Javorniku zanamcem. <\/p>\n\n\n\n<p>Na\u0161 zbor bo z dobrodelnim koncertom <strong>v soboto, 22. novembra 2025, ob 19:30 uri <\/strong>izkazal solidarnost in spo\u0161tovanje tako njihovemu trudu kot tudi stoletni tradiciji v tem delu Gorenjske. Zato vsi Gorenjci od blizu in dale\u010d, pa tudi vsi ljubitelji in ljubiteljice zborovskega uporni\u0161tva, prisr\u010dno vabljeni na Javornik! <\/p>\n\n\n\n<p>Z vstopnino <strong>15 \u20ac oz. 12 \u20ac<\/strong> za mlade in upokojene, boste v celoti podprli  DPD Svobode France Mencinger Javornik-Koro\u0161ka Bela!<\/p>\n\n\n\n<p><\/p>\n","protected":false},"excerpt":{"rendered":"<p>Delavsko prosvetno dru\u0161tvo Svoboda France Mencinger Javornik-Koro\u0161ka Bela s svojo ve\u010d kot 100-letno tradicijo prispeva pomemben dele\u017e na kulturnem zemljevidu Gorenjske. Skozi leta je dru\u0161tvo uspe\u0161no premagovalo \u0161tevilne izzive, a pandemija Covid-19 je tudi njihovemu delovanju zadala hud udarec. Z raznolikimi prireditvami, od lutkovno &#8211; gledali\u0161kih predstav do koncertov in umetni\u0161kih razstav se po\u017ertvovalni \u010dlani [&hellip;]<\/p>\n","protected":false},"author":2,"featured_media":8696,"comment_status":"closed","ping_status":"closed","sticky":false,"template":"","format":"standard","meta":{"_et_pb_use_builder":"off","_et_pb_old_content":"","_et_gb_content_width":""},"categories":[8,3,2,7],"tags":[625],"_links":{"self":[{"href":"https:\/\/kombinatke.si\/kblog\/wp-json\/wp\/v2\/posts\/8695"}],"collection":[{"href":"https:\/\/kombinatke.si\/kblog\/wp-json\/wp\/v2\/posts"}],"about":[{"href":"https:\/\/kombinatke.si\/kblog\/wp-json\/wp\/v2\/types\/post"}],"author":[{"embeddable":true,"href":"https:\/\/kombinatke.si\/kblog\/wp-json\/wp\/v2\/users\/2"}],"replies":[{"embeddable":true,"href":"https:\/\/kombinatke.si\/kblog\/wp-json\/wp\/v2\/comments?post=8695"}],"version-history":[{"count":4,"href":"https:\/\/kombinatke.si\/kblog\/wp-json\/wp\/v2\/posts\/8695\/revisions"}],"predecessor-version":[{"id":8707,"href":"https:\/\/kombinatke.si\/kblog\/wp-json\/wp\/v2\/posts\/8695\/revisions\/8707"}],"wp:featuredmedia":[{"embeddable":true,"href":"https:\/\/kombinatke.si\/kblog\/wp-json\/wp\/v2\/media\/8696"}],"wp:attachment":[{"href":"https:\/\/kombinatke.si\/kblog\/wp-json\/wp\/v2\/media?parent=8695"}],"wp:term":[{"taxonomy":"category","embeddable":true,"href":"https:\/\/kombinatke.si\/kblog\/wp-json\/wp\/v2\/categories?post=8695"},{"taxonomy":"post_tag","embeddable":true,"href":"https:\/\/kombinatke.si\/kblog\/wp-json\/wp\/v2\/tags?post=8695"}],"curies":[{"name":"wp","href":"https:\/\/api.w.org\/{rel}","templated":true}]}}