{"id":8646,"date":"2025-04-17T14:24:00","date_gmt":"2025-04-17T14:24:00","guid":{"rendered":"https:\/\/kombinatke.si\/kblog\/?p=8646"},"modified":"2025-04-24T12:24:12","modified_gmt":"2025-04-24T12:24:12","slug":"zpz-kombinat-za-prvi-maj-v-steverjanu","status":"publish","type":"post","link":"https:\/\/kombinatke.si\/kblog\/zpz-kombinat-za-prvi-maj-v-steverjanu\/","title":{"rendered":"\u017dPZ Kombinat za prvi maj v \u0160teverjanu"},"content":{"rendered":"\n<p>Leto\u0161nji Praznik dela bomo znova praznovale na prvomajskem slavju v \u0160teverjanu. Proslava, ki bo obele\u017eila 80. letnico osvoboditve, bo <strong>v \u010detrtek, 1. maja 2025 ob 16.30 uri na prireditvenem prostoru na Bukovju<\/strong>, v \u0160teverjanu.<br><br>Slavnostni govorec bo zgodovinar <strong>Jo\u017ee Pirjevec <\/strong>in predsednica VZPI ANPI Gorica &#8211; Gorizia <strong>Anna Di Gianantonio<\/strong>. <\/p>\n\n\n\n<p>Po proslavi sledi glasba in ples s skupino The Maff.<\/p>\n\n\n\n<p>Prav lepo vabljeni!<\/p>\n","protected":false},"excerpt":{"rendered":"<p>Leto\u0161nji Praznik dela bomo znova praznovale na prvomajskem slavju v \u0160teverjanu. Proslava, ki bo obele\u017eila 80. letnico osvoboditve, bo v \u010detrtek, 1. maja 2025 ob 16.30 uri na prireditvenem prostoru na Bukovju, v \u0160teverjanu. Slavnostni govorec bo zgodovinar Jo\u017ee Pirjevec in predsednica VZPI ANPI Gorica &#8211; Gorizia Anna Di Gianantonio. Po proslavi sledi glasba in [&hellip;]<\/p>\n","protected":false},"author":2,"featured_media":8647,"comment_status":"closed","ping_status":"closed","sticky":false,"template":"","format":"standard","meta":{"_et_pb_use_builder":"off","_et_pb_old_content":"","_et_gb_content_width":""},"categories":[8,3,2,7],"tags":[303,451,452,453],"_links":{"self":[{"href":"https:\/\/kombinatke.si\/kblog\/wp-json\/wp\/v2\/posts\/8646"}],"collection":[{"href":"https:\/\/kombinatke.si\/kblog\/wp-json\/wp\/v2\/posts"}],"about":[{"href":"https:\/\/kombinatke.si\/kblog\/wp-json\/wp\/v2\/types\/post"}],"author":[{"embeddable":true,"href":"https:\/\/kombinatke.si\/kblog\/wp-json\/wp\/v2\/users\/2"}],"replies":[{"embeddable":true,"href":"https:\/\/kombinatke.si\/kblog\/wp-json\/wp\/v2\/comments?post=8646"}],"version-history":[{"count":2,"href":"https:\/\/kombinatke.si\/kblog\/wp-json\/wp\/v2\/posts\/8646\/revisions"}],"predecessor-version":[{"id":8649,"href":"https:\/\/kombinatke.si\/kblog\/wp-json\/wp\/v2\/posts\/8646\/revisions\/8649"}],"wp:featuredmedia":[{"embeddable":true,"href":"https:\/\/kombinatke.si\/kblog\/wp-json\/wp\/v2\/media\/8647"}],"wp:attachment":[{"href":"https:\/\/kombinatke.si\/kblog\/wp-json\/wp\/v2\/media?parent=8646"}],"wp:term":[{"taxonomy":"category","embeddable":true,"href":"https:\/\/kombinatke.si\/kblog\/wp-json\/wp\/v2\/categories?post=8646"},{"taxonomy":"post_tag","embeddable":true,"href":"https:\/\/kombinatke.si\/kblog\/wp-json\/wp\/v2\/tags?post=8646"}],"curies":[{"name":"wp","href":"https:\/\/api.w.org\/{rel}","templated":true}]}}