{"id":8581,"date":"2024-10-17T13:49:23","date_gmt":"2024-10-17T13:49:23","guid":{"rendered":"https:\/\/kombinatke.si\/kblog\/?p=8581"},"modified":"2024-10-17T13:49:25","modified_gmt":"2024-10-17T13:49:25","slug":"zpz-kombinat-na-spominski-slovesnosti-na-veliki-ilovi-gori","status":"publish","type":"post","link":"https:\/\/kombinatke.si\/kblog\/zpz-kombinat-na-spominski-slovesnosti-na-veliki-ilovi-gori\/","title":{"rendered":"\u017dPZ Kombinat na spominski slovesnosti na Veliki Ilovi Gori"},"content":{"rendered":"\n<p>Zdru\u017eenje borcev za vrednote NOB Grosuplje, PGD Velika Ilova Gora, Obmo\u010dno zdru\u017eenje veteranov vojne za Slovenijo Grosuplje, Policijsko veteransko dru\u0161tvo Sever Ljubljana &#8211; odbor Grosuplje in Ob\u010dina Grosuplje organizirajo <strong>spominsko slovesnost ob 81. obletnici bojev na Ilovi Gori<\/strong>.<\/p>\n\n\n\n<p>Spominska slovesnost bo <strong>v soboto, 26. oktobra 2024 ob 11. uri pri spomeniku na Veliki Ilovi Gori<\/strong>. (<a href=\"https:\/\/kombinatke.si\/kblog\/wp-content\/uploads\/2024\/10\/Ilova-Gora-2024-vabilo.pdf\" target=\"_blank\" rel=\"noreferrer noopener\">Vabilo<\/a>)<\/p>\n\n\n\n<p>Slavnostna govornica bo prof. dr. Ljubica Jelu\u0161i\u010d, podpredsednica ZZB NOB Slovenije, v kulturnem programu pa bomo sodelovali Garda Slovenske vojske, Spominska partizanska enota Franc Rozman-Stane s sede\u017eem v Ljubljani, Pihalni orkester Glasbene \u0161ole Grosuplje, Trobilni duo Glasbene \u0161ole Grosuplje, \u017denski pevski zbor Kombinat, recitatorka Gorjanske \u010dete Terezija Poto\u010dar, recitatorka Len\u010da Ambro\u017ei\u010d.<\/p>\n\n\n\n<p>Planinsko dru\u0161tvo Grosuplje na ta dan vabi na tradicionalni pohod na Ilovo Goro. Start pohoda bo ob 7.30 uri izpred gostilne LUNCA v Zagradcu pri Grosupljem. Na pohodu boste imeli prilo\u017enost spoznati zanimivosti Radenskega polja in se<br>seznanite s kraji, ki so novembra 1943 do\u017eiveli stra\u0161no nasilje nem\u0161kega okupatorja. Pohodnikom in pohodnicam se priporo\u010da obutev, primerna za hojo po rosnih travnikih in mo\u010dno svetilko za ogled podzemlja Zato\u010dne jame. Pohod bo predvidoma zaklju\u010den ob 15.00 uri. Pohodniki hodijo na lastno odgovornost!<\/p>\n\n\n\n<p>Vabljeni!<\/p>\n","protected":false},"excerpt":{"rendered":"<p>Zdru\u017eenje borcev za vrednote NOB Grosuplje, PGD Velika Ilova Gora, Obmo\u010dno zdru\u017eenje veteranov vojne za Slovenijo Grosuplje, Policijsko veteransko dru\u0161tvo Sever Ljubljana &#8211; odbor Grosuplje in Ob\u010dina Grosuplje organizirajo spominsko slovesnost ob 81. obletnici bojev na Ilovi Gori. Spominska slovesnost bo v soboto, 26. oktobra 2024 ob 11. uri pri spomeniku na Veliki Ilovi Gori. [&hellip;]<\/p>\n","protected":false},"author":2,"featured_media":8582,"comment_status":"closed","ping_status":"closed","sticky":false,"template":"","format":"standard","meta":{"_et_pb_use_builder":"off","_et_pb_old_content":"","_et_gb_content_width":""},"categories":[8,3,2,7],"tags":[594,588,595],"_links":{"self":[{"href":"https:\/\/kombinatke.si\/kblog\/wp-json\/wp\/v2\/posts\/8581"}],"collection":[{"href":"https:\/\/kombinatke.si\/kblog\/wp-json\/wp\/v2\/posts"}],"about":[{"href":"https:\/\/kombinatke.si\/kblog\/wp-json\/wp\/v2\/types\/post"}],"author":[{"embeddable":true,"href":"https:\/\/kombinatke.si\/kblog\/wp-json\/wp\/v2\/users\/2"}],"replies":[{"embeddable":true,"href":"https:\/\/kombinatke.si\/kblog\/wp-json\/wp\/v2\/comments?post=8581"}],"version-history":[{"count":1,"href":"https:\/\/kombinatke.si\/kblog\/wp-json\/wp\/v2\/posts\/8581\/revisions"}],"predecessor-version":[{"id":8584,"href":"https:\/\/kombinatke.si\/kblog\/wp-json\/wp\/v2\/posts\/8581\/revisions\/8584"}],"wp:featuredmedia":[{"embeddable":true,"href":"https:\/\/kombinatke.si\/kblog\/wp-json\/wp\/v2\/media\/8582"}],"wp:attachment":[{"href":"https:\/\/kombinatke.si\/kblog\/wp-json\/wp\/v2\/media?parent=8581"}],"wp:term":[{"taxonomy":"category","embeddable":true,"href":"https:\/\/kombinatke.si\/kblog\/wp-json\/wp\/v2\/categories?post=8581"},{"taxonomy":"post_tag","embeddable":true,"href":"https:\/\/kombinatke.si\/kblog\/wp-json\/wp\/v2\/tags?post=8581"}],"curies":[{"name":"wp","href":"https:\/\/api.w.org\/{rel}","templated":true}]}}