{"id":7529,"date":"2018-12-03T11:29:33","date_gmt":"2018-12-03T09:29:33","guid":{"rendered":"http:\/\/kombinatke.si\/?p=7529"},"modified":"2018-12-03T11:29:33","modified_gmt":"2018-12-03T09:29:33","slug":"za-delo-brez-prekarnosti","status":"publish","type":"post","link":"https:\/\/kombinatke.si\/kblog\/za-delo-brez-prekarnosti\/","title":{"rendered":"Za delo brez prekarnosti!"},"content":{"rendered":"<p><a href=\"http:\/\/kombinatke.si\/2018\/12\/03\/za-delo-brez-prekarnosti\/46502257_2313620775536876_3554273110330966016_n\/\" rel=\"attachment wp-att-7578\"><img loading=\"lazy\" class=\"alignleft size-medium wp-image-7578\" src=\"http:\/\/kombinatke.si\/kblog\/wp-content\/uploads\/2018\/12\/46502257_2313620775536876_3554273110330966016_n-300x225.jpg\" alt=\"\" width=\"300\" height=\"225\"><\/a>V dvorani \u0160panskih borcev v Ljubljani so 18. novembra 2018, pripravili <a href=\"https:\/\/www.facebook.com\/events\/1965170370235597\/\">APEL! Za delo brez prekarnosti<\/a>. Vabljeni, da prisluhnete \u0161tevilnim govornikom in govornicam ter glasbenikom in glasbenicam ter pevcem in pevkam!<\/p>\n<p>Apel je namenjen prekarkam in prekarcem, njihovim partnerjem in partnerkam, o\u010detom in materam, prijateljem in prijateljicam, sosedom in sosedam. Vsem, ki vedo kak\u0161ne so posledice prekarnosti. Za posameznika, za dr\u017eavo in za dru\u017ebo. Pridru\u017eite se nam, da bodo odlo\u010devalci videli, za kako pere\u010d problem gre in naredili korak naprej. Z nami bodo sicer predstavniki nevladnih organizacij in umetniki, ki se potrebe po skupnem boju za pravice delavcev zavedajo.<\/p>\n<p><iframe loading=\"lazy\" src=\"https:\/\/www.youtube.com\/embed\/xuWmfZC23qI\" width=\"560\" height=\"315\" frameborder=\"0\" allowfullscreen=\"allowfullscreen\"><\/iframe><\/p>\n<p>Pripravljena je tudi <a href=\"https:\/\/www.pravapeticija.com\/sprejetje_ukrepov_za_odpravo_prekarnosti?a=2\">Peticija&nbsp;za takoj\u0161nje sprejetje ukrepov za odpravo prekrnosti<\/a>, ki pred izvr\u0161no oblast postavlja zahtevo po upo\u0161tevanju na\u010del, ki si jih je koalicija postavila sama.&nbsp; Delo mora biti za\u0161\u010diteno tako, da bo \u010dloveka dostojno. Ve\u010d o vzrokih in posledicah peticije si lahko preberete na <a href=\"http:\/\/www.spehnakruhu.com\/podpora\/kako-izpolniti-obrazec-za-peticijo-vizualno\">tej povezavi<\/a>, v primeru te\u017eav s podpisom peticije pa smo pripravili stran, ki vam bo olaj\u0161ala delo.<\/p>\n<p>&nbsp;<\/p>\n<p>Foto: Alenka Sottler<\/p>\n","protected":false},"excerpt":{"rendered":"<p>V dvorani \u0160panskih borcev v Ljubljani so 18. novembra 2018, pripravili APEL! Za delo brez prekarnosti. Vabljeni, da prisluhnete \u0161tevilnim govornikom in govornicam ter glasbenikom in glasbenicam ter pevcem in pevkam! Apel je namenjen prekarkam in prekarcem, njihovim partnerjem in partnerkam, o\u010detom in materam, prijateljem in prijateljicam, sosedom in sosedam. Vsem, ki vedo kak\u0161ne so [&hellip;]<\/p>\n","protected":false},"author":1,"featured_media":0,"comment_status":"open","ping_status":"closed","sticky":false,"template":"","format":"standard","meta":{"_et_pb_use_builder":"","_et_pb_old_content":"","_et_gb_content_width":""},"categories":[3,7],"tags":[467,210,123,60],"_links":{"self":[{"href":"https:\/\/kombinatke.si\/kblog\/wp-json\/wp\/v2\/posts\/7529"}],"collection":[{"href":"https:\/\/kombinatke.si\/kblog\/wp-json\/wp\/v2\/posts"}],"about":[{"href":"https:\/\/kombinatke.si\/kblog\/wp-json\/wp\/v2\/types\/post"}],"author":[{"embeddable":true,"href":"https:\/\/kombinatke.si\/kblog\/wp-json\/wp\/v2\/users\/1"}],"replies":[{"embeddable":true,"href":"https:\/\/kombinatke.si\/kblog\/wp-json\/wp\/v2\/comments?post=7529"}],"version-history":[{"count":0,"href":"https:\/\/kombinatke.si\/kblog\/wp-json\/wp\/v2\/posts\/7529\/revisions"}],"wp:attachment":[{"href":"https:\/\/kombinatke.si\/kblog\/wp-json\/wp\/v2\/media?parent=7529"}],"wp:term":[{"taxonomy":"category","embeddable":true,"href":"https:\/\/kombinatke.si\/kblog\/wp-json\/wp\/v2\/categories?post=7529"},{"taxonomy":"post_tag","embeddable":true,"href":"https:\/\/kombinatke.si\/kblog\/wp-json\/wp\/v2\/tags?post=7529"}],"curies":[{"name":"wp","href":"https:\/\/api.w.org\/{rel}","templated":true}]}}